

{"id":5384,"date":"2020-06-30T17:10:08","date_gmt":"2020-06-30T15:10:08","guid":{"rendered":"https:\/\/www.gamapa.de\/zitat-bildender-kunstler\/"},"modified":"2020-12-08T13:08:12","modified_gmt":"2020-12-08T12:08:12","slug":"zitat-bildender-kunstler","status":"publish","type":"post","link":"https:\/\/www.gamapa.de\/fr\/zitat-bildender-kunstler\/","title":{"rendered":"Artiste"},"content":{"rendered":"\n<p> \u00ab\u00a0Les artistes et les marchands d\u2019art doivent aussi se pr\u00e9occuper des questions juridiques et fiscales. Parfois, nous avons \u00e9galement besoin d\u2019un conseil un peu \u201ediff\u00e9rent\u201c, qu\u2019il s\u2019agisse des besoins particuliers \u00e0 nos activit\u00e9s ou de notre mani\u00e8re de voir les choses parfois diff\u00e9remment. Le Cabinet Gantef\u00fchrer a une longue exp\u00e9rience du march\u00e9 de l\u2019art.\u00a0\u00ab\u00a0\u00a0<\/p>\n\n\n\n<p class=\"blu smalls\"><strong>Artiste <\/strong><br>Dusseldorf<\/p>\n","protected":false},"excerpt":{"rendered":"<p>\u00ab\u00a0Les artistes et les marchands d\u2019art doivent aussi se pr\u00e9occuper des questions juridiques et fiscales. Parfois, nous avons \u00e9galement besoin d\u2019un conseil un peu \u201ediff\u00e9rent\u201c, qu\u2019il s\u2019agisse des besoins particuliers \u00e0 nos activit\u00e9s ou de notre mani\u00e8re de voir les choses parfois diff\u00e9remment. Le Cabinet Gantef\u00fchrer a une longue exp\u00e9rience du march\u00e9 de l\u2019art.\u00a0\u00ab\u00a0\u00a0 Artiste <a href=\"https:\/\/www.gamapa.de\/fr\/zitat-bildender-kunstler\/\">[\u2026]<\/a><\/p>\n","protected":false},"author":1,"featured_media":0,"comment_status":"open","ping_status":"open","sticky":false,"template":"","format":"standard","meta":{"_acf_changed":false,"_uag_custom_page_level_css":"","footnotes":""},"categories":[63],"tags":[],"class_list":["post-5384","post","type-post","status-publish","format-standard","hentry","category-zitate-fr"],"acf":[],"yoast_head":"<!-- This site is optimized with the Yoast SEO plugin v27.3 - https:\/\/yoast.com\/product\/yoast-seo-wordpress\/ -->\n<title>Artiste - GANTEF\u00dcHRER<\/title>\n<meta name=\"robots\" content=\"index, follow, max-snippet:-1, max-image-preview:large, max-video-preview:-1\" \/>\n<link rel=\"canonical\" href=\"https:\/\/www.gamapa.de\/fr\/zitat-bildender-kunstler\/\" \/>\n<meta property=\"og:locale\" content=\"fr_FR\" \/>\n<meta property=\"og:type\" content=\"article\" \/>\n<meta property=\"og:title\" content=\"Artiste - GANTEF\u00dcHRER\" \/>\n<meta property=\"og:description\" content=\"\u00ab\u00a0Les artistes et les marchands d\u2019art doivent aussi se pr\u00e9occuper des questions juridiques et fiscales. Parfois, nous avons \u00e9galement besoin d\u2019un conseil un peu \u201ediff\u00e9rent\u201c, qu\u2019il s\u2019agisse des besoins particuliers \u00e0 nos activit\u00e9s ou de notre mani\u00e8re de voir les choses parfois diff\u00e9remment. Le Cabinet Gantef\u00fchrer a une longue exp\u00e9rience du march\u00e9 de l\u2019art.\u00a0\u00ab\u00a0\u00a0 Artiste [\u2026]\" \/>\n<meta property=\"og:url\" content=\"https:\/\/www.gamapa.de\/fr\/zitat-bildender-kunstler\/\" \/>\n<meta property=\"og:site_name\" content=\"GANTEF\u00dcHRER\" \/>\n<meta property=\"article:published_time\" content=\"2020-06-30T15:10:08+00:00\" \/>\n<meta property=\"article:modified_time\" content=\"2020-12-08T12:08:12+00:00\" \/>\n<meta name=\"author\" content=\"linda\" \/>\n<meta name=\"twitter:card\" content=\"summary_large_image\" \/>\n<meta name=\"twitter:label1\" content=\"\u00c9crit par\" \/>\n\t<meta name=\"twitter:data1\" content=\"linda\" \/>\n<script type=\"application\/ld+json\" class=\"yoast-schema-graph\">{\"@context\":\"https:\\\/\\\/schema.org\",\"@graph\":[{\"@type\":\"Article\",\"@id\":\"https:\\\/\\\/www.gamapa.de\\\/fr\\\/zitat-bildender-kunstler\\\/#article\",\"isPartOf\":{\"@id\":\"https:\\\/\\\/www.gamapa.de\\\/fr\\\/zitat-bildender-kunstler\\\/\"},\"author\":{\"name\":\"linda\",\"@id\":\"https:\\\/\\\/www.gamapa.de\\\/fr\\\/#\\\/schema\\\/person\\\/7e85e464967345d225cda9d392622839\"},\"headline\":\"Artiste\",\"datePublished\":\"2020-06-30T15:10:08+00:00\",\"dateModified\":\"2020-12-08T12:08:12+00:00\",\"mainEntityOfPage\":{\"@id\":\"https:\\\/\\\/www.gamapa.de\\\/fr\\\/zitat-bildender-kunstler\\\/\"},\"wordCount\":68,\"commentCount\":0,\"publisher\":{\"@id\":\"https:\\\/\\\/www.gamapa.de\\\/fr\\\/#organization\"},\"articleSection\":[\"Zitate\"],\"inLanguage\":\"fr-FR\",\"potentialAction\":[{\"@type\":\"CommentAction\",\"name\":\"Comment\",\"target\":[\"https:\\\/\\\/www.gamapa.de\\\/fr\\\/zitat-bildender-kunstler\\\/#respond\"]}]},{\"@type\":\"WebPage\",\"@id\":\"https:\\\/\\\/www.gamapa.de\\\/fr\\\/zitat-bildender-kunstler\\\/\",\"url\":\"https:\\\/\\\/www.gamapa.de\\\/fr\\\/zitat-bildender-kunstler\\\/\",\"name\":\"Artiste - GANTEF\u00dcHRER\",\"isPartOf\":{\"@id\":\"https:\\\/\\\/www.gamapa.de\\\/fr\\\/#website\"},\"datePublished\":\"2020-06-30T15:10:08+00:00\",\"dateModified\":\"2020-12-08T12:08:12+00:00\",\"breadcrumb\":{\"@id\":\"https:\\\/\\\/www.gamapa.de\\\/fr\\\/zitat-bildender-kunstler\\\/#breadcrumb\"},\"inLanguage\":\"fr-FR\",\"potentialAction\":[{\"@type\":\"ReadAction\",\"target\":[\"https:\\\/\\\/www.gamapa.de\\\/fr\\\/zitat-bildender-kunstler\\\/\"]}]},{\"@type\":\"BreadcrumbList\",\"@id\":\"https:\\\/\\\/www.gamapa.de\\\/fr\\\/zitat-bildender-kunstler\\\/#breadcrumb\",\"itemListElement\":[{\"@type\":\"ListItem\",\"position\":1,\"name\":\"Startseite\",\"item\":\"https:\\\/\\\/www.gamapa.de\\\/fr\\\/\"},{\"@type\":\"ListItem\",\"position\":2,\"name\":\"Artiste\"}]},{\"@type\":\"WebSite\",\"@id\":\"https:\\\/\\\/www.gamapa.de\\\/fr\\\/#website\",\"url\":\"https:\\\/\\\/www.gamapa.de\\\/fr\\\/\",\"name\":\"GANTEF\u00dcHRER\",\"description\":\"Wirtschaftspr\u00fcfer, Steuerberater, Rechtsanw\u00e4lte\",\"publisher\":{\"@id\":\"https:\\\/\\\/www.gamapa.de\\\/fr\\\/#organization\"},\"potentialAction\":[{\"@type\":\"SearchAction\",\"target\":{\"@type\":\"EntryPoint\",\"urlTemplate\":\"https:\\\/\\\/www.gamapa.de\\\/fr\\\/?s={search_term_string}\"},\"query-input\":{\"@type\":\"PropertyValueSpecification\",\"valueRequired\":true,\"valueName\":\"search_term_string\"}}],\"inLanguage\":\"fr-FR\"},{\"@type\":\"Organization\",\"@id\":\"https:\\\/\\\/www.gamapa.de\\\/fr\\\/#organization\",\"name\":\"Gantef\u00fchrer Wirtschaftspr\u00fcfer, Steuerberater, Rechtsanw\u00e4lte\",\"url\":\"https:\\\/\\\/www.gamapa.de\\\/fr\\\/\",\"logo\":{\"@type\":\"ImageObject\",\"inLanguage\":\"fr-FR\",\"@id\":\"https:\\\/\\\/www.gamapa.de\\\/fr\\\/#\\\/schema\\\/logo\\\/image\\\/\",\"url\":\"https:\\\/\\\/www.gamapa.de\\\/wp-content\\\/uploads\\\/2026\\\/01\\\/Logo-Gantefuehrer.png\",\"contentUrl\":\"https:\\\/\\\/www.gamapa.de\\\/wp-content\\\/uploads\\\/2026\\\/01\\\/Logo-Gantefuehrer.png\",\"width\":767,\"height\":156,\"caption\":\"Gantef\u00fchrer Wirtschaftspr\u00fcfer, Steuerberater, Rechtsanw\u00e4lte\"},\"image\":{\"@id\":\"https:\\\/\\\/www.gamapa.de\\\/fr\\\/#\\\/schema\\\/logo\\\/image\\\/\"}},{\"@type\":\"Person\",\"@id\":\"https:\\\/\\\/www.gamapa.de\\\/fr\\\/#\\\/schema\\\/person\\\/7e85e464967345d225cda9d392622839\",\"name\":\"linda\"}]}<\/script>\n<!-- \/ Yoast SEO plugin. -->","yoast_head_json":{"title":"Artiste - GANTEF\u00dcHRER","robots":{"index":"index","follow":"follow","max-snippet":"max-snippet:-1","max-image-preview":"max-image-preview:large","max-video-preview":"max-video-preview:-1"},"canonical":"https:\/\/www.gamapa.de\/fr\/zitat-bildender-kunstler\/","og_locale":"fr_FR","og_type":"article","og_title":"Artiste - GANTEF\u00dcHRER","og_description":"\u00ab\u00a0Les artistes et les marchands d\u2019art doivent aussi se pr\u00e9occuper des questions juridiques et fiscales. Parfois, nous avons \u00e9galement besoin d\u2019un conseil un peu \u201ediff\u00e9rent\u201c, qu\u2019il s\u2019agisse des besoins particuliers \u00e0 nos activit\u00e9s ou de notre mani\u00e8re de voir les choses parfois diff\u00e9remment. Le Cabinet Gantef\u00fchrer a une longue exp\u00e9rience du march\u00e9 de l\u2019art.\u00a0\u00ab\u00a0\u00a0 Artiste [\u2026]","og_url":"https:\/\/www.gamapa.de\/fr\/zitat-bildender-kunstler\/","og_site_name":"GANTEF\u00dcHRER","article_published_time":"2020-06-30T15:10:08+00:00","article_modified_time":"2020-12-08T12:08:12+00:00","author":"linda","twitter_card":"summary_large_image","twitter_misc":{"\u00c9crit par":"linda"},"schema":{"@context":"https:\/\/schema.org","@graph":[{"@type":"Article","@id":"https:\/\/www.gamapa.de\/fr\/zitat-bildender-kunstler\/#article","isPartOf":{"@id":"https:\/\/www.gamapa.de\/fr\/zitat-bildender-kunstler\/"},"author":{"name":"linda","@id":"https:\/\/www.gamapa.de\/fr\/#\/schema\/person\/7e85e464967345d225cda9d392622839"},"headline":"Artiste","datePublished":"2020-06-30T15:10:08+00:00","dateModified":"2020-12-08T12:08:12+00:00","mainEntityOfPage":{"@id":"https:\/\/www.gamapa.de\/fr\/zitat-bildender-kunstler\/"},"wordCount":68,"commentCount":0,"publisher":{"@id":"https:\/\/www.gamapa.de\/fr\/#organization"},"articleSection":["Zitate"],"inLanguage":"fr-FR","potentialAction":[{"@type":"CommentAction","name":"Comment","target":["https:\/\/www.gamapa.de\/fr\/zitat-bildender-kunstler\/#respond"]}]},{"@type":"WebPage","@id":"https:\/\/www.gamapa.de\/fr\/zitat-bildender-kunstler\/","url":"https:\/\/www.gamapa.de\/fr\/zitat-bildender-kunstler\/","name":"Artiste - GANTEF\u00dcHRER","isPartOf":{"@id":"https:\/\/www.gamapa.de\/fr\/#website"},"datePublished":"2020-06-30T15:10:08+00:00","dateModified":"2020-12-08T12:08:12+00:00","breadcrumb":{"@id":"https:\/\/www.gamapa.de\/fr\/zitat-bildender-kunstler\/#breadcrumb"},"inLanguage":"fr-FR","potentialAction":[{"@type":"ReadAction","target":["https:\/\/www.gamapa.de\/fr\/zitat-bildender-kunstler\/"]}]},{"@type":"BreadcrumbList","@id":"https:\/\/www.gamapa.de\/fr\/zitat-bildender-kunstler\/#breadcrumb","itemListElement":[{"@type":"ListItem","position":1,"name":"Startseite","item":"https:\/\/www.gamapa.de\/fr\/"},{"@type":"ListItem","position":2,"name":"Artiste"}]},{"@type":"WebSite","@id":"https:\/\/www.gamapa.de\/fr\/#website","url":"https:\/\/www.gamapa.de\/fr\/","name":"GANTEF\u00dcHRER","description":"Wirtschaftspr\u00fcfer, Steuerberater, Rechtsanw\u00e4lte","publisher":{"@id":"https:\/\/www.gamapa.de\/fr\/#organization"},"potentialAction":[{"@type":"SearchAction","target":{"@type":"EntryPoint","urlTemplate":"https:\/\/www.gamapa.de\/fr\/?s={search_term_string}"},"query-input":{"@type":"PropertyValueSpecification","valueRequired":true,"valueName":"search_term_string"}}],"inLanguage":"fr-FR"},{"@type":"Organization","@id":"https:\/\/www.gamapa.de\/fr\/#organization","name":"Gantef\u00fchrer Wirtschaftspr\u00fcfer, Steuerberater, Rechtsanw\u00e4lte","url":"https:\/\/www.gamapa.de\/fr\/","logo":{"@type":"ImageObject","inLanguage":"fr-FR","@id":"https:\/\/www.gamapa.de\/fr\/#\/schema\/logo\/image\/","url":"https:\/\/www.gamapa.de\/wp-content\/uploads\/2026\/01\/Logo-Gantefuehrer.png","contentUrl":"https:\/\/www.gamapa.de\/wp-content\/uploads\/2026\/01\/Logo-Gantefuehrer.png","width":767,"height":156,"caption":"Gantef\u00fchrer Wirtschaftspr\u00fcfer, Steuerberater, Rechtsanw\u00e4lte"},"image":{"@id":"https:\/\/www.gamapa.de\/fr\/#\/schema\/logo\/image\/"}},{"@type":"Person","@id":"https:\/\/www.gamapa.de\/fr\/#\/schema\/person\/7e85e464967345d225cda9d392622839","name":"linda"}]}},"uagb_featured_image_src":{"full":false,"thumbnail":false,"medium":false,"medium_large":false,"large":false,"gs-tiny":false,"xl":false,"xxl":false,"xxxl":false,"xxxxl":false,"xxxxxl":false,"1536x1536":false,"2048x2048":false,"post-thumbnail":false,"twentytwenty-fullscreen":false,"theme-slug-single-post":false},"uagb_author_info":{"display_name":"linda","author_link":"https:\/\/www.gamapa.de\/fr\/author\/linda\/"},"uagb_comment_info":0,"uagb_excerpt":"\u00ab\u00a0Les artistes et les marchands d\u2019art doivent aussi se pr\u00e9occuper des questions juridiques et fiscales. Parfois, nous avons \u00e9galement besoin d\u2019un conseil un peu \u201ediff\u00e9rent\u201c, qu\u2019il s\u2019agisse des besoins particuliers \u00e0 nos activit\u00e9s ou de notre mani\u00e8re de voir les choses parfois diff\u00e9remment. Le Cabinet Gantef\u00fchrer a une longue exp\u00e9rience du march\u00e9 de l\u2019art.\u00a0\u00ab\u00a0\u00a0 Artiste\u2026","_links":{"self":[{"href":"https:\/\/www.gamapa.de\/fr\/wp-json\/wp\/v2\/posts\/5384","targetHints":{"allow":["GET"]}}],"collection":[{"href":"https:\/\/www.gamapa.de\/fr\/wp-json\/wp\/v2\/posts"}],"about":[{"href":"https:\/\/www.gamapa.de\/fr\/wp-json\/wp\/v2\/types\/post"}],"author":[{"embeddable":true,"href":"https:\/\/www.gamapa.de\/fr\/wp-json\/wp\/v2\/users\/1"}],"replies":[{"embeddable":true,"href":"https:\/\/www.gamapa.de\/fr\/wp-json\/wp\/v2\/comments?post=5384"}],"version-history":[{"count":1,"href":"https:\/\/www.gamapa.de\/fr\/wp-json\/wp\/v2\/posts\/5384\/revisions"}],"predecessor-version":[{"id":5386,"href":"https:\/\/www.gamapa.de\/fr\/wp-json\/wp\/v2\/posts\/5384\/revisions\/5386"}],"wp:attachment":[{"href":"https:\/\/www.gamapa.de\/fr\/wp-json\/wp\/v2\/media?parent=5384"}],"wp:term":[{"taxonomy":"category","embeddable":true,"href":"https:\/\/www.gamapa.de\/fr\/wp-json\/wp\/v2\/categories?post=5384"},{"taxonomy":"post_tag","embeddable":true,"href":"https:\/\/www.gamapa.de\/fr\/wp-json\/wp\/v2\/tags?post=5384"}],"curies":[{"name":"wp","href":"https:\/\/api.w.org\/{rel}","templated":true}]}}